{"id":10301,"date":"2015-04-30T17:05:11","date_gmt":"2015-04-30T15:05:11","guid":{"rendered":"http:\/\/santroc.xarxa-omnia.org\/?p=10301"},"modified":"2015-04-30T17:05:11","modified_gmt":"2015-04-30T15:05:11","slug":"fira-dartesania-sant-roc","status":"publish","type":"post","link":"https:\/\/santroc.xarxa-omnia.org\/?p=10301","title":{"rendered":"Fira d&#039;Artesania Sant Roc"},"content":{"rendered":"<p><a href=\"https:\/\/santroc.xarxa-omnia.org\/wp-content\/uploads\/2015\/04\/cartell-FIRA-artesania-santroc-2015.jpg\"><img loading=\"lazy\" decoding=\"async\" class=\"alignleft size-medium wp-image-10302\" title=\"cartell-FIRA-artesania-santroc-2015\" src=\"https:\/\/santroc.xarxa-omnia.org\/wp-content\/uploads\/2015\/04\/cartell-FIRA-artesania-santroc-2015-191x300.jpg\" alt=\"cartell-FIRA-artesania-santroc-2015\" width=\"191\" height=\"300\" \/><\/a><\/p>\n<p>Durant aquest cap de setmana, els convidem a la XXXIII fira d&#8217;Artesania Sant Roc que organitza la fundaci\u00f3 Ateneu Sant Roc amb les activitats seg\u00fcents:<\/p>\n<p>&#8211; Divendres, 1 de maig<br \/>\nHomenatge a la gent gran, berenar i ball per 200 avis i \u00e0vies de Sant Roc.<br \/>\nA les 17 h a l&#8217;Escola Lestonnac. Organitzat pel grup de Dones de la Fundaci\u00f3 Ateneu Sant Roc.<\/p>\n<p>&#8211; Diumenge 3 de maig<br \/>\nXXXIII Fira d&#8217;Artesania i Mostra d&#8217;entitats i serveis amb espectacles, tallers i m\u00e9s de 60 parades d&#8217;artesans, entitats i serveis del barri i la ciutat.<\/p>\n<p><a href=\"https:\/\/santroc.xarxa-omnia.org\/wp-content\/uploads\/2015\/04\/Planol-Fira.jpg\"><img loading=\"lazy\" decoding=\"async\" class=\"alignleft size-medium wp-image-10304\" title=\"Pl\u00e0nol Fira\" src=\"https:\/\/santroc.xarxa-omnia.org\/wp-content\/uploads\/2015\/04\/Planol-Fira-220x300.jpg\" alt=\"Pl\u00e0nol Fira\" width=\"220\" height=\"300\" \/><\/a>Aquest any, amb canvi d&#8217;ubicaci\u00f3. El mal estat en qu\u00e8 es troba la pla\u00e7a Roja i les obres que s&#8217;estan fent al carrer V\u00e9lez-Blanco, que no estaran acabades per diumenge, ens han obligat a traslladar-nos.<br \/>\nLa Fira 2015 ser\u00e0 a la PLA\u00c7A SANT ROC.<\/p>\n<p><a href=\"https:\/\/santroc.xarxa-omnia.org\/wp-content\/uploads\/2015\/04\/FIRA2015folleto.pdf\">Veure el fullet FIRA2015<\/a><\/p>\n","protected":false},"excerpt":{"rendered":"<p>Durant aquest cap de setmana, els convidem a la XXXIII fira d&#8217;Artesania Sant Roc que organitza la fundaci\u00f3 Ateneu Sant Roc amb les activitats seg\u00fcents: &#8211; Divendres, 1 de maig Homenatge a la gent gran, berenar i ball per 200 avis i \u00e0vies de Sant Roc. A les 17 h a l&#8217;Escola Lestonnac. Organitzat pel [&hellip;]<\/p>\n","protected":false},"author":1,"featured_media":0,"comment_status":"open","ping_status":"open","sticky":false,"template":"","format":"standard","meta":{"footnotes":""},"categories":[4,32,33],"tags":[1043,1045],"class_list":{"0":"post-10301","1":"post","2":"type-post","3":"status-publish","4":"format-standard","6":"category-actualitat","7":"category-noticies-omnia","8":"category-noticies-badalona-sud-santroc","9":"tag-fira-entitats-sant-roc","10":"tag-fira-primavera-sant-roc-2015","11":"czr-hentry"},"_links":{"self":[{"href":"https:\/\/santroc.xarxa-omnia.org\/index.php?rest_route=\/wp\/v2\/posts\/10301","targetHints":{"allow":["GET"]}}],"collection":[{"href":"https:\/\/santroc.xarxa-omnia.org\/index.php?rest_route=\/wp\/v2\/posts"}],"about":[{"href":"https:\/\/santroc.xarxa-omnia.org\/index.php?rest_route=\/wp\/v2\/types\/post"}],"author":[{"embeddable":true,"href":"https:\/\/santroc.xarxa-omnia.org\/index.php?rest_route=\/wp\/v2\/users\/1"}],"replies":[{"embeddable":true,"href":"https:\/\/santroc.xarxa-omnia.org\/index.php?rest_route=%2Fwp%2Fv2%2Fcomments&post=10301"}],"version-history":[{"count":0,"href":"https:\/\/santroc.xarxa-omnia.org\/index.php?rest_route=\/wp\/v2\/posts\/10301\/revisions"}],"wp:attachment":[{"href":"https:\/\/santroc.xarxa-omnia.org\/index.php?rest_route=%2Fwp%2Fv2%2Fmedia&parent=10301"}],"wp:term":[{"taxonomy":"category","embeddable":true,"href":"https:\/\/santroc.xarxa-omnia.org\/index.php?rest_route=%2Fwp%2Fv2%2Fcategories&post=10301"},{"taxonomy":"post_tag","embeddable":true,"href":"https:\/\/santroc.xarxa-omnia.org\/index.php?rest_route=%2Fwp%2Fv2%2Ftags&post=10301"}],"curies":[{"name":"wp","href":"https:\/\/api.w.org\/{rel}","templated":true}]}}