{"id":10315,"date":"2015-05-05T20:11:43","date_gmt":"2015-05-05T18:11:43","guid":{"rendered":"http:\/\/santroc.xarxa-omnia.org\/?p=10315"},"modified":"2015-05-05T20:11:43","modified_gmt":"2015-05-05T18:11:43","slug":"dia-internet-fototeca-badalona","status":"publish","type":"post","link":"https:\/\/santroc.xarxa-omnia.org\/?p=10315","title":{"rendered":"D\u00eda Internet Fototeca Badalona y Fiesta St Roc"},"content":{"rendered":"<p><a href=\"https:\/\/santroc.xarxa-omnia.org\/wp-content\/uploads\/2015\/05\/logo_Fototeca_omniasantroc.jpg\"><img loading=\"lazy\" decoding=\"async\" class=\"alignleft size-medium wp-image-10317\" title=\"logo_Fototeca_omniasantroc\" src=\"https:\/\/santroc.xarxa-omnia.org\/wp-content\/uploads\/2015\/05\/logo_Fototeca_omniasantroc-300x185.jpg\" alt=\"logo_Fototeca_omniasantroc\" width=\"300\" height=\"185\" \/><\/a>Hola compa\u00f1eros Internautas,<br \/>\nPara celebrar la fiesta de primavera del barrio de\u00a0 Sant Roc Badalona y el d\u00eda de Internet, el Punt \u00d2mnia les invitamos a enviar por correo@,  o  trav\u00e9s del blog, vuestras fotos del barrio de Sant Roc y de Badalona (fotos recientes o antiguas).<br \/>\nSe trata de compartir vuestros rincones favoritos de la ciudad, las fiestas locales como la Crema del demoni etc.,  las mejores partes o edificios.<br \/>\nTen\u00e9is una buena oportunidad para practicar con sus m\u00f3viles y c\u00e1maras!<br \/>\nCorreo: omniasantroc@yahoo.es<br \/>\nCuenta Twitter: omniasantroc<br \/>\nBlog: http:\/\/\/ (Registrarse e iniciar sesi\u00f3n)<\/p>\n<p>Adjuntamos el d\u00edptico de la fiesta de primavera de Sant Roc.<\/p>\n<p><a href=\"https:\/\/santroc.xarxa-omnia.org\/wp-content\/uploads\/2015\/06\/DIPTIC_FESTES_SANTROC2015.pdf\">DIPTIC_FESTES_SANTROC2015<\/a><\/p>\n","protected":false},"excerpt":{"rendered":"<p>Hola compa\u00f1eros Internautas, Para celebrar la fiesta de primavera del barrio de\u00a0 Sant Roc Badalona y el d\u00eda de Internet, el Punt \u00d2mnia les invitamos a enviar por correo@, o trav\u00e9s del blog, vuestras fotos del barrio de Sant Roc y de Badalona (fotos recientes o antiguas). Se trata de compartir vuestros rincones favoritos de [&hellip;]<\/p>\n","protected":false},"author":1,"featured_media":0,"comment_status":"open","ping_status":"open","sticky":false,"template":"","format":"standard","meta":{"footnotes":""},"categories":[4,32,33],"tags":[743,748,1088,1089],"class_list":{"0":"post-10315","1":"post","2":"type-post","3":"status-publish","4":"format-standard","6":"category-actualitat","7":"category-noticies-omnia","8":"category-noticies-badalona-sud-santroc","9":"tag-dia-internet","10":"tag-dia-internet-2015","11":"tag-fototeca-badalona","12":"tag-fototeca-badalona-omnia-sant-roc","13":"czr-hentry"},"_links":{"self":[{"href":"https:\/\/santroc.xarxa-omnia.org\/index.php?rest_route=\/wp\/v2\/posts\/10315","targetHints":{"allow":["GET"]}}],"collection":[{"href":"https:\/\/santroc.xarxa-omnia.org\/index.php?rest_route=\/wp\/v2\/posts"}],"about":[{"href":"https:\/\/santroc.xarxa-omnia.org\/index.php?rest_route=\/wp\/v2\/types\/post"}],"author":[{"embeddable":true,"href":"https:\/\/santroc.xarxa-omnia.org\/index.php?rest_route=\/wp\/v2\/users\/1"}],"replies":[{"embeddable":true,"href":"https:\/\/santroc.xarxa-omnia.org\/index.php?rest_route=%2Fwp%2Fv2%2Fcomments&post=10315"}],"version-history":[{"count":0,"href":"https:\/\/santroc.xarxa-omnia.org\/index.php?rest_route=\/wp\/v2\/posts\/10315\/revisions"}],"wp:attachment":[{"href":"https:\/\/santroc.xarxa-omnia.org\/index.php?rest_route=%2Fwp%2Fv2%2Fmedia&parent=10315"}],"wp:term":[{"taxonomy":"category","embeddable":true,"href":"https:\/\/santroc.xarxa-omnia.org\/index.php?rest_route=%2Fwp%2Fv2%2Fcategories&post=10315"},{"taxonomy":"post_tag","embeddable":true,"href":"https:\/\/santroc.xarxa-omnia.org\/index.php?rest_route=%2Fwp%2Fv2%2Ftags&post=10315"}],"curies":[{"name":"wp","href":"https:\/\/api.w.org\/{rel}","templated":true}]}}