{"id":10485,"date":"2015-10-06T16:10:26","date_gmt":"2015-10-06T14:10:26","guid":{"rendered":"http:\/\/santroc.xarxa-omnia.org\/?p=10485"},"modified":"2015-10-06T16:10:26","modified_gmt":"2015-10-06T14:10:26","slug":"expocisio-de-pintura-el-club-social-el-badiu","status":"publish","type":"post","link":"https:\/\/santroc.xarxa-omnia.org\/?p=10485","title":{"rendered":"Expocisi\u00f3 de pintura El Club Social El Bad\u00edu"},"content":{"rendered":"<p><a href=\"https:\/\/santroc.xarxa-omnia.org\/wp-content\/uploads\/2015\/10\/Cartell-expo-clubsocialbadiu-afammeban-2015.jpg\"><img loading=\"lazy\" decoding=\"async\" class=\"alignleft size-medium wp-image-10488\" title=\"Cartell-expo-clubsocialbadiu-afammeban-2015\" src=\"https:\/\/santroc.xarxa-omnia.org\/wp-content\/uploads\/2015\/10\/Cartell-expo-clubsocialbadiu-afammeban-2015-218x300.jpg\" alt=\"Cartell-expo-clubsocialbadiu-afammeban-2015\" width=\"218\" height=\"300\" \/><\/a>El Club Social \u201cEl Bad\u00edu\u201d de l\u2019associaci\u00f3 Salut Mental Barcelon\u00e8s Nord, organitza, com a cada any, una exposici\u00f3 de pintura a l\u2019oli al <strong>Centre Cultural Bes\u00f2s<\/strong> (pl. Josep Tarradellas), del 6 al 29 d\u2019Octubre del 2015. Es far\u00e0 la inauguraci\u00f3 i berenar \u2013 xerrada el <strong>dijous 8 d\u2019Octubre<\/strong> a les 18h.<br \/>\nUs hi esperem.<br \/>\nAdre\u00e7a Exposici\u00f3: Centre Cultural Bes\u00f2s pl. Josep Tarradellas Sant \u00c0dria de Bes\u00f2s<br \/>\nAdre\u00e7a Entitat: CLUB SOCIAL EL BADIU<br \/>\nAVDA. DR. BASSOLS, 62<br \/>\n08914 BADALONA. TELF: 93 383 58 39<br \/>\n<a href=\"http:\/\/www.salutmentalbn.org\/\">http:\/\/www.salutmentalbn.org\/<\/a><br \/>\n<a href=\"http:\/\/www.clubbadiu.blogspot.com.es\/\">http:\/\/www.clubbadiu.blogspot.com.es\/<\/a><br \/>\n<a href=\"https:\/\/santroc.xarxa-omnia.org\/wp-content\/uploads\/2015\/10\/logo-clubsocialelbadiu-afammeban.jpg\"><img loading=\"lazy\" decoding=\"async\" title=\"logo-clubsocialelbadiu-afammeban\" src=\"https:\/\/santroc.xarxa-omnia.org\/wp-content\/uploads\/2015\/10\/logo-clubsocialelbadiu-afammeban-150x120.jpg\" alt=\"logo-clubsocialelbadiu-afammeban\" width=\"150\" height=\"120\" \/><\/a><\/p>\n","protected":false},"excerpt":{"rendered":"<p>El Club Social \u201cEl Bad\u00edu\u201d de l\u2019associaci\u00f3 Salut Mental Barcelon\u00e8s Nord, organitza, com a cada any, una exposici\u00f3 de pintura a l\u2019oli al Centre Cultural Bes\u00f2s (pl. Josep Tarradellas), del 6 al 29 d\u2019Octubre del 2015. Es far\u00e0 la inauguraci\u00f3 i berenar \u2013 xerrada el dijous 8 d\u2019Octubre a les 18h. Us hi esperem. Adre\u00e7a [&hellip;]<\/p>\n","protected":false},"author":1,"featured_media":0,"comment_status":"open","ping_status":"open","sticky":false,"template":"","format":"standard","meta":{"footnotes":""},"categories":[4,32,33],"tags":[260,880],"class_list":{"0":"post-10485","1":"post","2":"type-post","3":"status-publish","4":"format-standard","6":"category-actualitat","7":"category-noticies-omnia","8":"category-noticies-badalona-sud-santroc","9":"tag-afammeban","10":"tag-el-club-social-el-badiu","11":"czr-hentry"},"_links":{"self":[{"href":"https:\/\/santroc.xarxa-omnia.org\/index.php?rest_route=\/wp\/v2\/posts\/10485","targetHints":{"allow":["GET"]}}],"collection":[{"href":"https:\/\/santroc.xarxa-omnia.org\/index.php?rest_route=\/wp\/v2\/posts"}],"about":[{"href":"https:\/\/santroc.xarxa-omnia.org\/index.php?rest_route=\/wp\/v2\/types\/post"}],"author":[{"embeddable":true,"href":"https:\/\/santroc.xarxa-omnia.org\/index.php?rest_route=\/wp\/v2\/users\/1"}],"replies":[{"embeddable":true,"href":"https:\/\/santroc.xarxa-omnia.org\/index.php?rest_route=%2Fwp%2Fv2%2Fcomments&post=10485"}],"version-history":[{"count":0,"href":"https:\/\/santroc.xarxa-omnia.org\/index.php?rest_route=\/wp\/v2\/posts\/10485\/revisions"}],"wp:attachment":[{"href":"https:\/\/santroc.xarxa-omnia.org\/index.php?rest_route=%2Fwp%2Fv2%2Fmedia&parent=10485"}],"wp:term":[{"taxonomy":"category","embeddable":true,"href":"https:\/\/santroc.xarxa-omnia.org\/index.php?rest_route=%2Fwp%2Fv2%2Fcategories&post=10485"},{"taxonomy":"post_tag","embeddable":true,"href":"https:\/\/santroc.xarxa-omnia.org\/index.php?rest_route=%2Fwp%2Fv2%2Ftags&post=10485"}],"curies":[{"name":"wp","href":"https:\/\/api.w.org\/{rel}","templated":true}]}}