{"id":1072,"date":"2009-11-25T16:03:10","date_gmt":"2009-11-25T15:03:10","guid":{"rendered":"http:\/\/santroc.xarxa-omnia.org\/?p=1072"},"modified":"2009-11-25T16:03:10","modified_gmt":"2009-11-25T15:03:10","slug":"partido-de-baloncesto-en-silla-de-ruedas-joventut-gam-de-badalona-vs-aldasa-amfiv-vigo","status":"publish","type":"post","link":"https:\/\/santroc.xarxa-omnia.org\/?p=1072","title":{"rendered":"Partido de Baloncesto en silla de ruedas JOVENTUT GAM DE BADALONA vs ALDASA-AMFIV (Vigo)"},"content":{"rendered":"<p>Partido correspondiente a la 6\u00aa Jornada de la Liga Nacional de Baloncesto en silla de ruedas organizada por la <strong>FEDDF<\/strong> (Federaci\u00f3n Espa\u00f1ola de Deportes de Personas con Discapacidad F\u00edsica) &#8211;<strong>XXI Trofeo Fundaci\u00f3n ONCE<\/strong>&#8211; Temporada 2009\/2010, en <strong>Divisi\u00f3n de Honor \u00abA\u00bb<\/strong>.<\/p>\n<p style=\"text-align: center;\"><strong><span style=\"color: #008000;\">JOVENTUT GAM DE BADALONA vs ALDASA-AMFIV (Vigo)<\/span><\/strong><\/p>\n<p><strong>S\u00e1bado 28\/11\/2009 &#8211; a las 19:00h. PABELL\u00d3N OLIMPICO DE BADALONA<\/strong><\/p>\n<p>(canha lateral)<\/p>\n<p>c\/ Ponent, 141-143. Badalona.<\/p>\n","protected":false},"excerpt":{"rendered":"<p>Partido correspondiente a la 6\u00aa Jornada de la Liga Nacional de Baloncesto en silla de ruedas organizada por la FEDDF (Federaci\u00f3n Espa\u00f1ola de Deportes de Personas con Discapacidad F\u00edsica) &#8211;XXI Trofeo Fundaci\u00f3n ONCE&#8211; Temporada 2009\/2010, en Divisi\u00f3n de Honor \u00abA\u00bb. JOVENTUT GAM DE BADALONA vs ALDASA-AMFIV (Vigo) S\u00e1bado 28\/11\/2009 &#8211; a las 19:00h. PABELL\u00d3N OLIMPICO [&hellip;]<\/p>\n","protected":false},"author":1,"featured_media":0,"comment_status":"open","ping_status":"open","sticky":false,"template":"","format":"standard","meta":{"footnotes":""},"categories":[65],"tags":[844,972,1116,1268],"class_list":{"0":"post-1072","1":"post","2":"type-post","3":"status-publish","4":"format-standard","6":"category-associacio-gam-entitat-collaborador-comunitat","7":"tag-discapacidad-fisica","8":"tag-feddf","9":"tag-gam","10":"tag-liga-nacional-baloncesto","11":"czr-hentry"},"_links":{"self":[{"href":"https:\/\/santroc.xarxa-omnia.org\/index.php?rest_route=\/wp\/v2\/posts\/1072","targetHints":{"allow":["GET"]}}],"collection":[{"href":"https:\/\/santroc.xarxa-omnia.org\/index.php?rest_route=\/wp\/v2\/posts"}],"about":[{"href":"https:\/\/santroc.xarxa-omnia.org\/index.php?rest_route=\/wp\/v2\/types\/post"}],"author":[{"embeddable":true,"href":"https:\/\/santroc.xarxa-omnia.org\/index.php?rest_route=\/wp\/v2\/users\/1"}],"replies":[{"embeddable":true,"href":"https:\/\/santroc.xarxa-omnia.org\/index.php?rest_route=%2Fwp%2Fv2%2Fcomments&post=1072"}],"version-history":[{"count":0,"href":"https:\/\/santroc.xarxa-omnia.org\/index.php?rest_route=\/wp\/v2\/posts\/1072\/revisions"}],"wp:attachment":[{"href":"https:\/\/santroc.xarxa-omnia.org\/index.php?rest_route=%2Fwp%2Fv2%2Fmedia&parent=1072"}],"wp:term":[{"taxonomy":"category","embeddable":true,"href":"https:\/\/santroc.xarxa-omnia.org\/index.php?rest_route=%2Fwp%2Fv2%2Fcategories&post=1072"},{"taxonomy":"post_tag","embeddable":true,"href":"https:\/\/santroc.xarxa-omnia.org\/index.php?rest_route=%2Fwp%2Fv2%2Ftags&post=1072"}],"curies":[{"name":"wp","href":"https:\/\/api.w.org\/{rel}","templated":true}]}}