{"id":10928,"date":"2016-11-29T18:16:16","date_gmt":"2016-11-29T17:16:16","guid":{"rendered":"http:\/\/santroc.xarxa-omnia.org\/?p=10928"},"modified":"2016-11-29T18:16:16","modified_gmt":"2016-11-29T17:16:16","slug":"enviament-postals-per-celebrar-el-dia-internacional-de-les-persones-amb-discapacitat","status":"publish","type":"post","link":"https:\/\/santroc.xarxa-omnia.org\/?p=10928","title":{"rendered":"Enviament de postals per celebrar el Dia Internacional de les persones amb Discapacitat"},"content":{"rendered":"<p>Nostre punt \u00d2mnia us convida a veure una mostra de les imatges dissenyades des del setembre per celebrar el Dia Internacional de les Persones amb Discapacitat, el 3 de desembre 2016.<br \/>\nPodeu fer circular aquestes postals en vostres cercles de relacions, descarregar-les i enviar-les a amics per sensibilitzar-los sobre el tema de la inclusi\u00f3.<\/p>\n<p>Els usuaris del punt i de les entitats Associaci\u00f3 de Salut Mental Barcelon\u00e8s Nord i Club Social El Badiu, la Resid\u00e8ncia Llar de Salut Mental de Sant Roc, van cercar continguts i esl\u00f2gans i crear postals combinant colors i textos per reivindicar aquest dia de les capacitats amb el lema de la Inclusi\u00f3.<\/p>\n<p>[nggallery id=82] <\/p>\n","protected":false},"excerpt":{"rendered":"<p>Nostre punt \u00d2mnia us convida a veure una mostra de les imatges dissenyades des del setembre per celebrar el Dia Internacional de les Persones amb Discapacitat, el 3 de desembre 2016. Podeu fer circular aquestes postals en vostres cercles de relacions, descarregar-les i enviar-les a amics per sensibilitzar-los sobre el tema de la inclusi\u00f3. Els [&hellip;]<\/p>\n","protected":false},"author":1,"featured_media":0,"comment_status":"open","ping_status":"open","sticky":false,"template":"","format":"standard","meta":{"footnotes":""},"categories":[4,72,14,32,33],"tags":[492,694,696,697,698,699,701,1495,1496,1497,1740],"class_list":{"0":"post-10928","1":"post","2":"type-post","3":"status-publish","4":"format-standard","6":"category-actualitat","7":"category-clubbadiuafammeban","8":"category-diversitat-igualtat-no-discriminacio","9":"category-noticies-omnia","10":"category-noticies-badalona-sud-santroc","11":"tag-club-badiu","12":"tag-dia-discapacidad","13":"tag-dia-discapacidad-2016","14":"tag-dia-discapacitat","15":"tag-dia-discapacitat-2016","16":"tag-dia-discapacitat-associacio-de-salut-mental-barcelones-nord","17":"tag-dia-diversidad-funcional-badalona","18":"tag-postal-dia-discapacidad","19":"tag-postal-dia-discapacitat","20":"tag-postal-dia-diversidad-funcional","21":"tag-residencia-llar-de-salut-mental-de-sant-roc","22":"czr-hentry"},"_links":{"self":[{"href":"https:\/\/santroc.xarxa-omnia.org\/index.php?rest_route=\/wp\/v2\/posts\/10928","targetHints":{"allow":["GET"]}}],"collection":[{"href":"https:\/\/santroc.xarxa-omnia.org\/index.php?rest_route=\/wp\/v2\/posts"}],"about":[{"href":"https:\/\/santroc.xarxa-omnia.org\/index.php?rest_route=\/wp\/v2\/types\/post"}],"author":[{"embeddable":true,"href":"https:\/\/santroc.xarxa-omnia.org\/index.php?rest_route=\/wp\/v2\/users\/1"}],"replies":[{"embeddable":true,"href":"https:\/\/santroc.xarxa-omnia.org\/index.php?rest_route=%2Fwp%2Fv2%2Fcomments&post=10928"}],"version-history":[{"count":0,"href":"https:\/\/santroc.xarxa-omnia.org\/index.php?rest_route=\/wp\/v2\/posts\/10928\/revisions"}],"wp:attachment":[{"href":"https:\/\/santroc.xarxa-omnia.org\/index.php?rest_route=%2Fwp%2Fv2%2Fmedia&parent=10928"}],"wp:term":[{"taxonomy":"category","embeddable":true,"href":"https:\/\/santroc.xarxa-omnia.org\/index.php?rest_route=%2Fwp%2Fv2%2Fcategories&post=10928"},{"taxonomy":"post_tag","embeddable":true,"href":"https:\/\/santroc.xarxa-omnia.org\/index.php?rest_route=%2Fwp%2Fv2%2Ftags&post=10928"}],"curies":[{"name":"wp","href":"https:\/\/api.w.org\/{rel}","templated":true}]}}