{"id":11128,"date":"2017-06-02T17:21:54","date_gmt":"2017-06-02T15:21:54","guid":{"rendered":"http:\/\/santroc.xarxa-omnia.org\/?p=11128"},"modified":"2017-06-02T17:21:54","modified_gmt":"2017-06-02T15:21:54","slug":"celebrem-el-25e-aniversari-del-casal","status":"publish","type":"post","link":"https:\/\/santroc.xarxa-omnia.org\/?p=11128","title":{"rendered":"Celebrem el 25\u00e8 Aniversari del Casal"},"content":{"rendered":"<p><a href=\"https:\/\/santroc.xarxa-omnia.org\/wp-content\/uploads\/2017\/06\/noticia_25aniversari_casalcivicsantroc.jpg\"><img loading=\"lazy\" decoding=\"async\" class=\"size-medium wp-image-11129 alignleft\" style=\"border: 1px solid black;\" title=\"noticia_25aniversari_casalcivicsantroc\" src=\"https:\/\/santroc.xarxa-omnia.org\/wp-content\/uploads\/2017\/06\/noticia_25aniversari_casalcivicsantroc-300x225.jpg\" alt=\"noticia_25aniversari_casalcivicsantroc\" width=\"300\" height=\"225\" \/><\/a>En el marc de les accions comunit\u00e0ries del Punt \u00d2mnia CC St Roc, els participants col\u00b7laboren amb la celebraci\u00f3 del vint-i-cinqu\u00e8 aniversari del Casal C\u00edvic.<\/p>\n<p>Expressen el sentiment d&#8217;una experi\u00e8ncia positiva de trobar-se en un equipament acollidor i crear vincles humans entre els participants dels tallers.<\/p>\n<p>Dissenyen postals i xapes per festejar-ho amb colors!<\/p>\n<p>[nggallery id=86] <\/p>\n","protected":false},"excerpt":{"rendered":"<p>En el marc de les accions comunit\u00e0ries del Punt \u00d2mnia CC St Roc, els participants col\u00b7laboren amb la celebraci\u00f3 del vint-i-cinqu\u00e8 aniversari del Casal C\u00edvic. Expressen el sentiment d&#8217;una experi\u00e8ncia positiva de trobar-se en un equipament acollidor i crear vincles humans entre els participants dels tallers. Dissenyen postals i xapes per festejar-ho amb colors! [nggallery [&hellip;]<\/p>\n","protected":false},"author":1,"featured_media":0,"comment_status":"open","ping_status":"open","sticky":false,"template":"","format":"standard","meta":{"footnotes":""},"categories":[4,32,33],"tags":[199,213,231],"class_list":{"0":"post-11128","1":"post","2":"type-post","3":"status-publish","4":"format-standard","6":"category-actualitat","7":"category-noticies-omnia","8":"category-noticies-badalona-sud-santroc","9":"tag-25-aniversari-casal-civic-sant-roc","10":"tag-accio-comunitaria-omnia-sant-roc","11":"tag-activitat-comunitaria-omnia-st-roc","12":"czr-hentry"},"_links":{"self":[{"href":"https:\/\/santroc.xarxa-omnia.org\/index.php?rest_route=\/wp\/v2\/posts\/11128","targetHints":{"allow":["GET"]}}],"collection":[{"href":"https:\/\/santroc.xarxa-omnia.org\/index.php?rest_route=\/wp\/v2\/posts"}],"about":[{"href":"https:\/\/santroc.xarxa-omnia.org\/index.php?rest_route=\/wp\/v2\/types\/post"}],"author":[{"embeddable":true,"href":"https:\/\/santroc.xarxa-omnia.org\/index.php?rest_route=\/wp\/v2\/users\/1"}],"replies":[{"embeddable":true,"href":"https:\/\/santroc.xarxa-omnia.org\/index.php?rest_route=%2Fwp%2Fv2%2Fcomments&post=11128"}],"version-history":[{"count":0,"href":"https:\/\/santroc.xarxa-omnia.org\/index.php?rest_route=\/wp\/v2\/posts\/11128\/revisions"}],"wp:attachment":[{"href":"https:\/\/santroc.xarxa-omnia.org\/index.php?rest_route=%2Fwp%2Fv2%2Fmedia&parent=11128"}],"wp:term":[{"taxonomy":"category","embeddable":true,"href":"https:\/\/santroc.xarxa-omnia.org\/index.php?rest_route=%2Fwp%2Fv2%2Fcategories&post=11128"},{"taxonomy":"post_tag","embeddable":true,"href":"https:\/\/santroc.xarxa-omnia.org\/index.php?rest_route=%2Fwp%2Fv2%2Ftags&post=11128"}],"curies":[{"name":"wp","href":"https:\/\/api.w.org\/{rel}","templated":true}]}}