{"id":1545,"date":"2010-03-04T20:46:32","date_gmt":"2010-03-04T19:46:32","guid":{"rendered":"http:\/\/xarxa-omnia.org\/santroc\/?p=1545"},"modified":"2010-03-04T20:46:32","modified_gmt":"2010-03-04T19:46:32","slug":"badalona-som-tots","status":"publish","type":"post","link":"https:\/\/santroc.xarxa-omnia.org\/?p=1545","title":{"rendered":"Badalona Som Tots"},"content":{"rendered":"<p>Francisco del espai \u00d2mnia, va informar-nos d&#8217;una iniciativa interessant:<\/p>\n<p>\u00bb Badalona Som Tots\u00bb es un manifest firmat per entitats i persones que treballen per a <strong>la cohesi\u00f3 social a Badalona i la ciutadania<\/strong>, \u00abentesa com a <strong>espai com\u00fa de conviv\u00e8ncia i de refer\u00e8ncia per a tothom<\/strong>, i com a estatus\u00a0jur\u00eddic que estableix els drets i deures de les persones davant la col\u00b7lectivitat&#8230;\u00bb<\/p>\n<p>Es va convidar, el dimarts 2 de mar\u00e7, \u00a0a un acte informatiu sobre el contingut de la nova llei d\u2019estrangeria a c\u00e0rrec d\u2019Albert Par\u00e9s, advocat i assessor de la Xarxa d\u2019Acollida de Badalona.<\/p>\n<p>Enlla\u00e7 per m\u00e9s informacions: \u00a0<a href=\"http:\/\/bdnsomtots.wordpress.com\/\" target=\"_blank\">http:\/\/bdnsomtots.wordpress.com\/<\/a><\/p>\n<p>Descarregar <a href=\"https:\/\/santroc.xarxa-omnia.org\/wp-content\/uploads\/2010\/03\/boe_12_12_2009_lley_estrangeria.pdf\" target=\"_blank\">BOE BOLETIN OFICIAL LEY MODIFICADA DE ESTRANGERIA<\/a><\/p>\n","protected":false},"excerpt":{"rendered":"<p>Francisco del espai \u00d2mnia, va informar-nos d&#8217;una iniciativa interessant: \u00bb Badalona Som Tots\u00bb es un manifest firmat per entitats i persones que treballen per a la cohesi\u00f3 social a Badalona i la ciutadania, \u00abentesa com a espai com\u00fa de conviv\u00e8ncia i de refer\u00e8ncia per a tothom, i com a estatus\u00a0jur\u00eddic que estableix els drets i [&hellip;]<\/p>\n","protected":false},"author":1,"featured_media":0,"comment_status":"open","ping_status":"open","sticky":false,"template":"","format":"standard","meta":{"footnotes":""},"categories":[4,33],"tags":[350,504],"class_list":{"0":"post-1545","1":"post","2":"type-post","3":"status-publish","4":"format-standard","6":"category-actualitat","7":"category-noticies-badalona-sud-santroc","8":"tag-badalona-som-tots","9":"tag-cohesio-social-badalona","10":"czr-hentry"},"_links":{"self":[{"href":"https:\/\/santroc.xarxa-omnia.org\/index.php?rest_route=\/wp\/v2\/posts\/1545","targetHints":{"allow":["GET"]}}],"collection":[{"href":"https:\/\/santroc.xarxa-omnia.org\/index.php?rest_route=\/wp\/v2\/posts"}],"about":[{"href":"https:\/\/santroc.xarxa-omnia.org\/index.php?rest_route=\/wp\/v2\/types\/post"}],"author":[{"embeddable":true,"href":"https:\/\/santroc.xarxa-omnia.org\/index.php?rest_route=\/wp\/v2\/users\/1"}],"replies":[{"embeddable":true,"href":"https:\/\/santroc.xarxa-omnia.org\/index.php?rest_route=%2Fwp%2Fv2%2Fcomments&post=1545"}],"version-history":[{"count":0,"href":"https:\/\/santroc.xarxa-omnia.org\/index.php?rest_route=\/wp\/v2\/posts\/1545\/revisions"}],"wp:attachment":[{"href":"https:\/\/santroc.xarxa-omnia.org\/index.php?rest_route=%2Fwp%2Fv2%2Fmedia&parent=1545"}],"wp:term":[{"taxonomy":"category","embeddable":true,"href":"https:\/\/santroc.xarxa-omnia.org\/index.php?rest_route=%2Fwp%2Fv2%2Fcategories&post=1545"},{"taxonomy":"post_tag","embeddable":true,"href":"https:\/\/santroc.xarxa-omnia.org\/index.php?rest_route=%2Fwp%2Fv2%2Ftags&post=1545"}],"curies":[{"name":"wp","href":"https:\/\/api.w.org\/{rel}","templated":true}]}}