{"id":1596,"date":"2010-03-12T17:06:40","date_gmt":"2010-03-12T16:06:40","guid":{"rendered":"http:\/\/xarxa-omnia.org\/santroc\/?p=1596"},"modified":"2010-03-12T17:06:40","modified_gmt":"2010-03-12T16:06:40","slug":"agenda-calcotada-al-barri-de-llefia-diumenge-4-marc","status":"publish","type":"post","link":"https:\/\/santroc.xarxa-omnia.org\/?p=1596","title":{"rendered":"Agenda: Cal\u00e7otada al barri de Llefi\u00e1 diumenge 14 mar\u00e7"},"content":{"rendered":"<figure id=\"attachment_1600\" aria-describedby=\"caption-attachment-1600\" style=\"width: 210px\" class=\"wp-caption alignleft\"><img loading=\"lazy\" decoding=\"async\" class=\"size-full wp-image-1600 \" src=\"https:\/\/santroc.xarxa-omnia.org\/wp-content\/uploads\/2010\/03\/CALCOTADA_llefia_2010.jpg\" alt=\"CALCOTADA_llefia_2010\" width=\"210\" height=\"298\" \/><figcaption id=\"caption-attachment-1600\" class=\"wp-caption-text\">Cal\u00e7otada Llef\u00eda 2010 per Haiti<\/figcaption><\/figure>\n<p>&nbsp;<\/p>\n<p>&nbsp;<\/p>\n<p>A la pla\u00e7a Trafalgar del barri badalon\u00ed de Sant Antoni de Llefi\u00e0, entitats del districte organitzen una <strong>cal\u00e7otada popular el diumenge 14 mar\u00e7<\/strong> <strong>2010 <\/strong>a partir de les 11:30 del mat\u00ed, per ajudar el <strong>poble de Haiti<\/strong>.<\/p>\n<p>La festa comen\u00e7a a partir de les 9:00 amb el programa seg\u00fcent:<\/p>\n<p>. Traca a c\u00e0rrec del grup Diables Kapaoltis.<\/p>\n<p>. Actuacions del Centre Cultural Castella-la Manxa, del grup Capricho Espa\u00f1ol i d&#8217;alumnes de l\u2019Escola Pere de Tera.<\/p>\n<p>Virginia.<\/p>\n","protected":false},"excerpt":{"rendered":"<p>&nbsp; &nbsp; A la pla\u00e7a Trafalgar del barri badalon\u00ed de Sant Antoni de Llefi\u00e0, entitats del districte organitzen una cal\u00e7otada popular el diumenge 14 mar\u00e7 2010 a partir de les 11:30 del mat\u00ed, per ajudar el poble de Haiti. La festa comen\u00e7a a partir de les 9:00 amb el programa seg\u00fcent: . Traca a c\u00e0rrec [&hellip;]<\/p>\n","protected":false},"author":16,"featured_media":0,"comment_status":"open","ping_status":"open","sticky":false,"template":"","format":"standard","meta":{"footnotes":""},"categories":[4,33],"tags":[263,415,998,1168],"class_list":{"0":"post-1596","1":"post","2":"type-post","3":"status-publish","4":"format-standard","6":"category-actualitat","7":"category-noticies-badalona-sud-santroc","8":"tag-agenda","9":"tag-calcotada","10":"tag-festa-popular","11":"tag-iniciativa-popular","12":"czr-hentry"},"_links":{"self":[{"href":"https:\/\/santroc.xarxa-omnia.org\/index.php?rest_route=\/wp\/v2\/posts\/1596","targetHints":{"allow":["GET"]}}],"collection":[{"href":"https:\/\/santroc.xarxa-omnia.org\/index.php?rest_route=\/wp\/v2\/posts"}],"about":[{"href":"https:\/\/santroc.xarxa-omnia.org\/index.php?rest_route=\/wp\/v2\/types\/post"}],"author":[{"embeddable":true,"href":"https:\/\/santroc.xarxa-omnia.org\/index.php?rest_route=\/wp\/v2\/users\/16"}],"replies":[{"embeddable":true,"href":"https:\/\/santroc.xarxa-omnia.org\/index.php?rest_route=%2Fwp%2Fv2%2Fcomments&post=1596"}],"version-history":[{"count":0,"href":"https:\/\/santroc.xarxa-omnia.org\/index.php?rest_route=\/wp\/v2\/posts\/1596\/revisions"}],"wp:attachment":[{"href":"https:\/\/santroc.xarxa-omnia.org\/index.php?rest_route=%2Fwp%2Fv2%2Fmedia&parent=1596"}],"wp:term":[{"taxonomy":"category","embeddable":true,"href":"https:\/\/santroc.xarxa-omnia.org\/index.php?rest_route=%2Fwp%2Fv2%2Fcategories&post=1596"},{"taxonomy":"post_tag","embeddable":true,"href":"https:\/\/santroc.xarxa-omnia.org\/index.php?rest_route=%2Fwp%2Fv2%2Ftags&post=1596"}],"curies":[{"name":"wp","href":"https:\/\/api.w.org\/{rel}","templated":true}]}}