{"id":2906,"date":"2010-06-11T23:32:38","date_gmt":"2010-06-11T22:32:38","guid":{"rendered":"http:\/\/santroc.xarxa-omnia.org\/?p=2906"},"modified":"2010-06-11T23:32:38","modified_gmt":"2010-06-11T22:32:38","slug":"celebracio-fantastica-del-dia-de-africa-2010","status":"publish","type":"post","link":"https:\/\/santroc.xarxa-omnia.org\/?p=2906","title":{"rendered":"Celebraci\u00f3 fant\u00e0stica del dia de \u00c0frica 2010"},"content":{"rendered":"<p><strong><span style=\"color: #ff6600;\">Celebraci\u00f3 fant\u00e0stica del dia de \u00c0frica 2010<\/span><\/strong> al local de l&#8217;Associaci\u00f3 de Ve\u00efns del Centre de Badalona organitzada pel<strong> Consorci Badalona Amb \u00c0frica<\/strong> que ens va convidar el 5 de juny 2010.<br \/>\nUn sopar i un Concert del grup musical <strong>Kora Abeteata<\/strong> de plaer.<br \/>\nMuntatgge i V\u00eddeo: Pascal amb c\u00e0mera foto Sony DSC V3.<br \/>\n<object width=\"480\" height=\"385\"><param name=\"movie\" value=\"http:\/\/www.youtube.com\/v\/Nx1umrIJhuk&#038;hl=es_ES&#038;fs=1&#038;\"><\/param><param name=\"allowFullScreen\" value=\"true\"><\/param><param name=\"allowscriptaccess\" value=\"always\"><\/param><embed src=\"http:\/\/www.youtube.com\/v\/Nx1umrIJhuk&#038;hl=es_ES&#038;fs=1&#038;\" type=\"application\/x-shockwave-flash\" allowscriptaccess=\"always\" allowfullscreen=\"true\" width=\"480\" height=\"385\"><\/embed><\/object><br \/>\nGr\u00e0cies. Pascal.<\/p>\n","protected":false},"excerpt":{"rendered":"<p>Celebraci\u00f3 fant\u00e0stica del dia de \u00c0frica 2010 al local de l&#8217;Associaci\u00f3 de Ve\u00efns del Centre de Badalona organitzada pel Consorci Badalona Amb \u00c0frica que ens va convidar el 5 de juny 2010. Un sopar i un Concert del grup musical Kora Abeteata de plaer. Muntatgge i V\u00eddeo: Pascal amb c\u00e0mera foto Sony DSC V3. Gr\u00e0cies. [&hellip;]<\/p>\n","protected":false},"author":1,"featured_media":0,"comment_status":"open","ping_status":"open","sticky":false,"template":"","format":"standard","meta":{"footnotes":""},"categories":[4,33],"tags":[328,547,1263],"class_list":{"0":"post-2906","1":"post","2":"type-post","3":"status-publish","4":"format-standard","6":"category-actualitat","7":"category-noticies-badalona-sud-santroc","8":"tag-associacio-veins-centre-badalona","9":"tag-consorci-badalona-amb-africa","10":"tag-kora-abeteata","11":"czr-hentry"},"_links":{"self":[{"href":"https:\/\/santroc.xarxa-omnia.org\/index.php?rest_route=\/wp\/v2\/posts\/2906","targetHints":{"allow":["GET"]}}],"collection":[{"href":"https:\/\/santroc.xarxa-omnia.org\/index.php?rest_route=\/wp\/v2\/posts"}],"about":[{"href":"https:\/\/santroc.xarxa-omnia.org\/index.php?rest_route=\/wp\/v2\/types\/post"}],"author":[{"embeddable":true,"href":"https:\/\/santroc.xarxa-omnia.org\/index.php?rest_route=\/wp\/v2\/users\/1"}],"replies":[{"embeddable":true,"href":"https:\/\/santroc.xarxa-omnia.org\/index.php?rest_route=%2Fwp%2Fv2%2Fcomments&post=2906"}],"version-history":[{"count":0,"href":"https:\/\/santroc.xarxa-omnia.org\/index.php?rest_route=\/wp\/v2\/posts\/2906\/revisions"}],"wp:attachment":[{"href":"https:\/\/santroc.xarxa-omnia.org\/index.php?rest_route=%2Fwp%2Fv2%2Fmedia&parent=2906"}],"wp:term":[{"taxonomy":"category","embeddable":true,"href":"https:\/\/santroc.xarxa-omnia.org\/index.php?rest_route=%2Fwp%2Fv2%2Fcategories&post=2906"},{"taxonomy":"post_tag","embeddable":true,"href":"https:\/\/santroc.xarxa-omnia.org\/index.php?rest_route=%2Fwp%2Fv2%2Ftags&post=2906"}],"curies":[{"name":"wp","href":"https:\/\/api.w.org\/{rel}","templated":true}]}}