{"id":5788,"date":"2012-03-01T17:00:18","date_gmt":"2012-03-01T16:00:18","guid":{"rendered":"http:\/\/xarxa-omnia.org\/santroc\/?p=5788"},"modified":"2012-03-01T17:00:18","modified_gmt":"2012-03-01T16:00:18","slug":"celebracio-esplai-borinot-al-ateneu-sant-roc","status":"publish","type":"post","link":"https:\/\/santroc.xarxa-omnia.org\/?p=5788","title":{"rendered":"Celebraci\u00f3 40 Esplai Borinot al Ateneu Sant Roc"},"content":{"rendered":"<p><a href=\"https:\/\/santroc.xarxa-omnia.org\/wp-content\/uploads\/2012\/03\/40anysInauguracio-ateneu-santroc.jpg\"><img loading=\"lazy\" decoding=\"async\" class=\"alignleft size-medium wp-image-5791\" title=\"40anys-Inauguraci\u00f3-espai-borinot-ateneu-santroc\" src=\"http:\/\/xarxa-omnia.org\/santroc\/wp-content\/uploads\/40anysInauguraci\u00f3-ateneu-santroc-171x300.jpg\" alt=\"40anys-Inauguraci\u00f3-espai-borinot-ateneu-santroc\" width=\"171\" height=\"300\" \/><\/a>El 2 mar\u00e7 2012, la fundaci\u00f3 Ateneu Sant Roc celebra els 40 anys de l&#8217;Esplai Borinot i proposa una exposici\u00f3 oberta a tothom.<\/p>\n<p>Aprofitem per felicitar la fundaci\u00f3 i l&#8217;Espai pel seu treball fonamental de camp amb joves i infants, per les seves accions socials i integradores.<\/p>\n<p>\u00ab40 anys amb els infants i joves del barri.<\/p>\n<p>40 anys fent jocs i tallers.<\/p>\n<p>40 anys\u00a0 amb sortides de natura i festes al carrer.<\/p>\n<p>40 anys de treball en valors.<\/p>\n<p>40 anys lluitant per la millora de la vida dels ve\u00efns i ve\u00efnes de Sant Roc.\u00bb<\/p>\n<p>Lloc:\u00a0 FUNDACI\u00d3 ATENEU SANT ROC \u00b7 c. C\u00e1ceres 34-36 \u00b7 08918 BADALONA. 93 399 39 51<\/p>\n<p>Data:\u00a0 2 de mar\u00e7 2012 a les 20.30h<\/p>\n<p>Pascal.<\/p>\n","protected":false},"excerpt":{"rendered":"<p>El 2 mar\u00e7 2012, la fundaci\u00f3 Ateneu Sant Roc celebra els 40 anys de l&#8217;Esplai Borinot i proposa una exposici\u00f3 oberta a tothom. Aprofitem per felicitar la fundaci\u00f3 i l&#8217;Espai pel seu treball fonamental de camp amb joves i infants, per les seves accions socials i integradores. \u00ab40 anys amb els infants i joves del [&hellip;]<\/p>\n","protected":false},"author":1,"featured_media":0,"comment_status":"open","ping_status":"open","sticky":false,"template":"","format":"standard","meta":{"footnotes":""},"categories":[4,32,33],"tags":[332,928,1375,1380],"class_list":{"0":"post-5788","1":"post","2":"type-post","3":"status-publish","4":"format-standard","6":"category-actualitat","7":"category-noticies-omnia","8":"category-noticies-badalona-sud-santroc","9":"tag-ateneu-sant-roc","10":"tag-esplai-borinot","11":"tag-noticia-badalona","12":"tag-noticia-sant-roc","13":"czr-hentry"},"_links":{"self":[{"href":"https:\/\/santroc.xarxa-omnia.org\/index.php?rest_route=\/wp\/v2\/posts\/5788","targetHints":{"allow":["GET"]}}],"collection":[{"href":"https:\/\/santroc.xarxa-omnia.org\/index.php?rest_route=\/wp\/v2\/posts"}],"about":[{"href":"https:\/\/santroc.xarxa-omnia.org\/index.php?rest_route=\/wp\/v2\/types\/post"}],"author":[{"embeddable":true,"href":"https:\/\/santroc.xarxa-omnia.org\/index.php?rest_route=\/wp\/v2\/users\/1"}],"replies":[{"embeddable":true,"href":"https:\/\/santroc.xarxa-omnia.org\/index.php?rest_route=%2Fwp%2Fv2%2Fcomments&post=5788"}],"version-history":[{"count":0,"href":"https:\/\/santroc.xarxa-omnia.org\/index.php?rest_route=\/wp\/v2\/posts\/5788\/revisions"}],"wp:attachment":[{"href":"https:\/\/santroc.xarxa-omnia.org\/index.php?rest_route=%2Fwp%2Fv2%2Fmedia&parent=5788"}],"wp:term":[{"taxonomy":"category","embeddable":true,"href":"https:\/\/santroc.xarxa-omnia.org\/index.php?rest_route=%2Fwp%2Fv2%2Fcategories&post=5788"},{"taxonomy":"post_tag","embeddable":true,"href":"https:\/\/santroc.xarxa-omnia.org\/index.php?rest_route=%2Fwp%2Fv2%2Ftags&post=5788"}],"curies":[{"name":"wp","href":"https:\/\/api.w.org\/{rel}","templated":true}]}}