{"id":5875,"date":"2012-03-29T10:29:38","date_gmt":"2012-03-29T09:29:38","guid":{"rendered":"http:\/\/santroc.xarxa-omnia.org\/?p=5875"},"modified":"2012-03-29T10:29:38","modified_gmt":"2012-03-29T09:29:38","slug":"cursa-popular-els-v-de-badalona","status":"publish","type":"post","link":"https:\/\/santroc.xarxa-omnia.org\/?p=5875","title":{"rendered":"CURSA POPULAR ELS V DE BADALONA"},"content":{"rendered":"<p><strong>Els V de Badalona<\/strong>, cursa que ser\u00e0 organitzada per l&#8217;entitat el  proper dia <strong>29 d&#8217;abril 2012<\/strong> al Port Esportiu de Badalona a les 10.00h , acaba de superar  els 100 inscrits. S&#8217;arriba a aquesta xifra 8 dies despr\u00e9s de l&#8217;apertura  del proc\u00e9s d&#8217; inscripci\u00f3.<\/p>\n<p>De moment la cursa amb m\u00e9s inscripcions \u00e9s la dels 5Km.\u00a0<span id=\"result_box\" lang=\"ca\"><span> <\/span><\/span><\/p>\n<p style=\"text-align: center;\"><strong><span id=\"result_box\" lang=\"ca\"><span>ANIMEU !!! PARTICIPEU !!!<\/span><\/span><\/strong><span id=\"result_box\" lang=\"ca\"><span> <\/span><\/span><\/p>\n<p style=\"text-align: center;\"><span><strong><span style=\"text-decoration: underline;\">INSCRIPCIONS GRATU\u00cfTES PER ALS NENS! I LA GENT A L&#8217;ATUR<\/span><br \/>\n<\/strong><\/span><\/p>\n<p><span><strong>REGALS PER A TOTS!<\/strong><\/span><br \/>\n<span><strong> <\/strong><\/span><\/p>\n<p><span id=\"result_box\" lang=\"ca\"><span>* Borsa<\/span> amb <span>obsequis<\/span> <span>diversos.<\/span><br \/>\n<span>* Medalles<\/span> <span>per<\/span> <span>a<\/span> <span>Tots els<\/span> <span>nens.<\/span><br \/>\n<span>* Samarreta<\/span> <span>t\u00e8cnica<\/span> <span>per<\/span> <span>a<\/span> <span>Tots els<\/span> <span>adults<\/span><span>.<\/span><br \/>\n<span>* Cronometratge<\/span> <span>amb<\/span> <span>xip<\/span><span>.<\/span><\/span><\/p>\n<p><span id=\"result_box\" lang=\"ca\"><span> <\/span><\/span>Recordem que l&#8217;aforament m\u00e0xim ser\u00e0 de 1000 adults, 200 petits i 200 mitjans.<\/p>\n<p>Aix\u00ed mateix, tamb\u00e9 recordem que el proper dia 1 de febrer s&#8217;obriran les inscripcions presencials als punts oficials<\/p>\n<p><span style=\"text-decoration: underline;\"><strong>PUNTS D&#8217;INSCRIPCI\u00d3:<\/strong><\/span><\/p>\n<p>INTERSPORT<br \/>\nAv\/ Mart\u00ed Pujol, 145<br \/>\nC\/ Francesc Layret, 66<\/p>\n<p>DUET SPORTS<br \/>\nC.C. M\u00e0gic Badalona<br \/>\nC\/ Conc\u00f2rdia, 1<\/p>\n<p>BASE BENITOSPORTS<br \/>\nC.C. M\u00e0gic Badalona<br \/>\nC\/ Conc\u00f2rdia, 1<\/p>\n<p>Sistrells<br \/>\nPl\/ Alcalde Joan Manent, 1<\/p>\n<p>Consell Esportiu Barcelon\u00e9s Nord<br \/>\nC\/ Ausies March, sn<br \/>\n(Nom\u00e9s nens)<\/p>\n<p>UGE DE BADALONA<br \/>\nPistes Atletisme Paco \u00c0guila<br \/>\nCtra Canyet, SN<br \/>\n(Condicions especials per persones en atur. Places limitades.)<\/p>\n<p>Issac. \u00f2mnia Joves Sant Roc<\/p>\n","protected":false},"excerpt":{"rendered":"<p>Els V de Badalona, cursa que ser\u00e0 organitzada per l&#8217;entitat el proper dia 29 d&#8217;abril 2012 al Port Esportiu de Badalona a les 10.00h , acaba de superar els 100 inscrits. S&#8217;arriba a aquesta xifra 8 dies despr\u00e9s de l&#8217;apertura del proc\u00e9s d&#8217; inscripci\u00f3. De moment la cursa amb m\u00e9s inscripcions \u00e9s la dels 5Km.\u00a0 [&hellip;]<\/p>\n","protected":false},"author":24,"featured_media":0,"comment_status":"open","ping_status":"open","sticky":false,"template":"","format":"standard","meta":{"footnotes":""},"categories":[4,32,33],"tags":[603,604,664,930,1910,1913],"class_list":{"0":"post-5875","1":"post","2":"type-post","3":"status-publish","4":"format-standard","6":"category-actualitat","7":"category-noticies-omnia","8":"category-noticies-badalona-sud-santroc","9":"tag-cursa-popular-badalona","10":"tag-cursa-popular-v-badalona","11":"tag-deportes-badalona","12":"tag-esport-badalona","13":"tag-uge","14":"tag-v-de-badalona","15":"czr-hentry"},"_links":{"self":[{"href":"https:\/\/santroc.xarxa-omnia.org\/index.php?rest_route=\/wp\/v2\/posts\/5875","targetHints":{"allow":["GET"]}}],"collection":[{"href":"https:\/\/santroc.xarxa-omnia.org\/index.php?rest_route=\/wp\/v2\/posts"}],"about":[{"href":"https:\/\/santroc.xarxa-omnia.org\/index.php?rest_route=\/wp\/v2\/types\/post"}],"author":[{"embeddable":true,"href":"https:\/\/santroc.xarxa-omnia.org\/index.php?rest_route=\/wp\/v2\/users\/24"}],"replies":[{"embeddable":true,"href":"https:\/\/santroc.xarxa-omnia.org\/index.php?rest_route=%2Fwp%2Fv2%2Fcomments&post=5875"}],"version-history":[{"count":0,"href":"https:\/\/santroc.xarxa-omnia.org\/index.php?rest_route=\/wp\/v2\/posts\/5875\/revisions"}],"wp:attachment":[{"href":"https:\/\/santroc.xarxa-omnia.org\/index.php?rest_route=%2Fwp%2Fv2%2Fmedia&parent=5875"}],"wp:term":[{"taxonomy":"category","embeddable":true,"href":"https:\/\/santroc.xarxa-omnia.org\/index.php?rest_route=%2Fwp%2Fv2%2Fcategories&post=5875"},{"taxonomy":"post_tag","embeddable":true,"href":"https:\/\/santroc.xarxa-omnia.org\/index.php?rest_route=%2Fwp%2Fv2%2Ftags&post=5875"}],"curies":[{"name":"wp","href":"https:\/\/api.w.org\/{rel}","templated":true}]}}