{"id":5924,"date":"2012-03-18T02:36:57","date_gmt":"2012-03-18T01:36:57","guid":{"rendered":"http:\/\/xarxa-omnia.org\/santroc\/?p=5924"},"modified":"2012-03-18T02:36:57","modified_gmt":"2012-03-18T01:36:57","slug":"iii-jornades-sobre-la-catalunya-medieval","status":"publish","type":"post","link":"https:\/\/santroc.xarxa-omnia.org\/?p=5924","title":{"rendered":"III Jornades sobre la Catalunya Medieval"},"content":{"rendered":"<p><a href=\"https:\/\/santroc.xarxa-omnia.org\/wp-content\/uploads\/2012\/03\/fira-jornades-medieval-badalona-2012.jpg\"><img loading=\"lazy\" decoding=\"async\" class=\"alignleft size-medium wp-image-5925\" title=\"fira-jornades-medieval-badalona-2012\" src=\"http:\/\/xarxa-omnia.org\/santroc\/wp-content\/uploads\/fira-jornades-medieval-badalona-2012-300x211.jpg\" alt=\"fira-jornades-medieval-badalona-2012\" width=\"300\" height=\"211\" \/><\/a><strong>L&#8217;Associaci\u00f3 Festa Medieval Sant Jordi<\/strong> &#8211; Premi \u00abConsell de Ciutat 2010\u00bb organitza les terceres jornades de reflexi\u00f3 sobre la Catalunya Medieval.<br \/>\nEn aquesta ocasi\u00f3 es vol tractar el <strong>tema de les xarxes socials com a instrument de difusi\u00f3 i millora de les activitats c\u00edvicoculturals.<\/strong><\/p>\n<p>Les Jornades es celebraran <strong>el dia 24 de mar\u00e7 de 2012<\/strong> i l\u2019objectiu seria, com les anteriors, el de realitzar una trobada de professionals de diferents administracions locals de Catalunya o persones participants d\u2019entitats que estiguin interessades recon\u00e8ixer i aprofundir sobre el treball en xarxa, aix\u00ed com el de generar un espai de reflexi\u00f3 i intercanvi d\u2019experi\u00e8ncies en un espai \u00fanic com \u00e9s el Monestir de Sant Jeroni de la Murtra.<\/p>\n<p><span style=\"text-decoration: underline;\"><strong>PON\u00c8NCIES:<\/strong><\/span><\/p>\n<p>&#8211;\u00a0 Les Xarxes: entre moda i funcionalitats. A c\u00e0rrec de Jordi Estivill. Soci\u00f2leg. Expert europeu en pol\u00edtiques socials. Autor de nombrosos treballs i publicacions sobre pobresa i exclusi\u00f3 social.<\/p>\n<p>&#8211; Del Monestir a la societat 2.0: Noves formes de difusi\u00f3 i treball en xarxa c\u00e0rrec de Jordi L\u00f3pez. Enginyer, activista social i president de Llefi@Net Xarxa Ciutadana.<\/p>\n<p>&#8211; Experi\u00e8ncies de cooperaci\u00f3 i de treball en xarxa. El cas de RETECORK &#8211; Red Europea de Territorios Corcheros. A c\u00e0rrec de Josep Capell\u00e0. Consultor tur\u00edstic i expert en desenvolupament local, impulsor de la Red Europea de Territorios Corcheros.<\/p>\n<p><span style=\"text-decoration: underline;\"><strong>INSCRIPCI\u00d3<\/strong><\/span>: Els professionals i les entitats interessades han de demanar una acreditaci\u00f3 a L&#8217;Associaci\u00f3 Cultural Festa Medieval Sant Jordi de Badalona<br \/>\nC. Pompeu Fabra, s\/n. 08911 &#8211; Badalona<br \/>\nCorreu: festamedievalbadalona@hotmail.com<br \/>\nTel. 620 28 47 74<\/p>\n<p><strong>LLOC<\/strong>: Monestir de Sant Jeroni de la Murtra (Badalona) de 10h00 a 17h00.<\/p>\n<p><strong>M\u00e9s informacions<\/strong>: <a href=\"http:\/\/www.festamedieval.entitatsbadalona.net\" target=\"_blank\">http:\/\/www.festamedieval.entitatsbadalona.net<\/a><\/p>\n<p><span style=\"text-decoration: underline;\"><strong>PROPERES ACTIVITATS:<\/strong><\/span><\/p>\n<p><strong>Exposici\u00f3 Badalona Medieval<\/strong><\/p>\n<p>&#8211; 16 mar\u00e7 2012: AV. Centre de Badalona<br \/>\nc\/Magatzem, 37. 08911 &#8211; Badalona<br \/>\nTel. 93 389.28.84<\/p>\n<p>&#8211; 19 mar\u00e7 al 30 mar\u00e7 2012: AV. Iris-Sol-Casagemas<br \/>\nC\/ Riera Canyad\u00f3, 308911 &#8211; Badalona<br \/>\nTel. 934643106<\/p>\n<p>&#8211; 2 abril al 27 abril 2012: Centre Cultural Tradicional Can Canyad\u00f3 &#8211; Centre C\u00edvic Can Canyad\u00f3 (CCT)<br \/>\nC\/ Pompeu Fabra, s\/n.<br \/>\nTel\u00e8fon: 934641857<\/p>\n<p><span style=\"text-decoration: underline;\"><strong>Tallers:<\/strong><\/span><\/p>\n<p>&#8211; Taller Confecci\u00f3 vestuari Personatge Festa medieval<br \/>\nCentre C\u00edvic Can Canyad\u00f3.<br \/>\nDies: Dilluns 5, 12, 19, 26 mar\u00e7, 2 i 9 d&#8217;abril. Horaris: de 19:30h a 21:30h<\/p>\n<p>&#8211; Taller Les danses de la Festa Medieval de Badalona<br \/>\nCCT Can Canyad\u00f3<br \/>\nDies: 17-24 i 31 de mar\u00e7. Horaris: de 20 a 21h. Dimecres 29 febrer, 7, 14, 21, 28 mar\u00e7, 4, 11 abril. Horaris: de 20:00h a 21:00h<\/p>\n<p>M\u00e9s Informacions sobre Tallers Medievals: <a href=\"http:\/\/www.tallersperalafesta.org\/\" target=\"_blank\">http:\/\/www.tallersperalafesta.org<\/a><\/p>\n<p><span style=\"text-decoration: underline;\"><strong>Festa:<\/strong><\/span><\/p>\n<p>&#8211; <strong>14n Festa Medieval Sant Jordi Badalona<\/strong><br \/>\nDies: 13, 14 i 15 d&#8217;abril 2012<\/p>\n<p>Autor: Pascal.<\/p>\n","protected":false},"excerpt":{"rendered":"<p>L&#8217;Associaci\u00f3 Festa Medieval Sant Jordi &#8211; Premi \u00abConsell de Ciutat 2010\u00bb organitza les terceres jornades de reflexi\u00f3 sobre la Catalunya Medieval. En aquesta ocasi\u00f3 es vol tractar el tema de les xarxes socials com a instrument de difusi\u00f3 i millora de les activitats c\u00edvicoculturals. Les Jornades es celebraran el dia 24 de mar\u00e7 de 2012 [&hellip;]<\/p>\n","protected":false},"author":1,"featured_media":0,"comment_status":"open","ping_status":"open","sticky":false,"template":"","format":"standard","meta":{"footnotes":""},"categories":[4,32,33],"tags":[324,949,1224,1828],"class_list":{"0":"post-5924","1":"post","2":"type-post","3":"status-publish","4":"format-standard","6":"category-actualitat","7":"category-noticies-omnia","8":"category-noticies-badalona-sud-santroc","9":"tag-associacio-cultural-festa-medieval-sant-jordi-de-badalona","10":"tag-exposicio-festa-medieval-badalona","11":"tag-jornades-sobre-catalunya-medieval","12":"tag-tallers-medieval","13":"czr-hentry"},"_links":{"self":[{"href":"https:\/\/santroc.xarxa-omnia.org\/index.php?rest_route=\/wp\/v2\/posts\/5924","targetHints":{"allow":["GET"]}}],"collection":[{"href":"https:\/\/santroc.xarxa-omnia.org\/index.php?rest_route=\/wp\/v2\/posts"}],"about":[{"href":"https:\/\/santroc.xarxa-omnia.org\/index.php?rest_route=\/wp\/v2\/types\/post"}],"author":[{"embeddable":true,"href":"https:\/\/santroc.xarxa-omnia.org\/index.php?rest_route=\/wp\/v2\/users\/1"}],"replies":[{"embeddable":true,"href":"https:\/\/santroc.xarxa-omnia.org\/index.php?rest_route=%2Fwp%2Fv2%2Fcomments&post=5924"}],"version-history":[{"count":0,"href":"https:\/\/santroc.xarxa-omnia.org\/index.php?rest_route=\/wp\/v2\/posts\/5924\/revisions"}],"wp:attachment":[{"href":"https:\/\/santroc.xarxa-omnia.org\/index.php?rest_route=%2Fwp%2Fv2%2Fmedia&parent=5924"}],"wp:term":[{"taxonomy":"category","embeddable":true,"href":"https:\/\/santroc.xarxa-omnia.org\/index.php?rest_route=%2Fwp%2Fv2%2Fcategories&post=5924"},{"taxonomy":"post_tag","embeddable":true,"href":"https:\/\/santroc.xarxa-omnia.org\/index.php?rest_route=%2Fwp%2Fv2%2Ftags&post=5924"}],"curies":[{"name":"wp","href":"https:\/\/api.w.org\/{rel}","templated":true}]}}