{"id":622,"date":"2009-11-12T20:00:49","date_gmt":"2009-11-12T19:00:49","guid":{"rendered":"http:\/\/xarxa-omnia.org\/santroc\/?p=622"},"modified":"2009-11-12T20:00:49","modified_gmt":"2009-11-12T19:00:49","slug":"el-punt-omnia-av-sant-roc-recolza-la-iniciativa-de-la-marxa-mundial-per-la-pau-i-la-no-violencia","status":"publish","type":"post","link":"https:\/\/santroc.xarxa-omnia.org\/?p=622","title":{"rendered":"El Punt \u00d2mnia AV Sant Roc recolza la iniciativa de la Marxa Mundial per la Pau i la No Viol\u00e8ncia"},"content":{"rendered":"<p style=\"text-align: right;\"><strong><a href=\"http:\/\/\/?p=710\">En castellano<\/a><\/strong><\/p>\n<p><img loading=\"lazy\" decoding=\"async\" class=\"alignleft size-full wp-image-623\" title=\"logo-marxamundialpau\" src=\"http:\/\/xarxa-omnia.org\/santroc\/wp-content\/uploads\/logotop_esp.jpg\" alt=\"logo-marxamundialpau\" width=\"236\" height=\"234\" \/>El Punt \u00d2mnia AV Sant Roc proposa recolzar <span style=\"color: #ff6600;\"><strong>la iniciativa de la Marxa Mundial per la Pau i la No Viol\u00e8ncia<\/strong><\/span>, organitzar activitats i sessions de cerca d\u2019informacions a Internet, <strong><span style=\"color: #ff6600;\">fomentar les adhesions dels usuaris<\/span><\/strong>. <strong>Els dimarts de 19h-21h i els divendres de 16h-19h<\/strong> de novembre i desembre, el Punt <strong>ajudar\u00e0 els usuaris<\/strong> a omplir el formulari d&#8217;<strong>adhesi\u00f3<\/strong> en la web de <strong><span style=\"color: #ff6600;\">marxamundial.net<\/span><\/strong>.<\/p>\n<h2>Invitem tothom a adherir i participar en els esdeveniments de <strong>divendres 13 de Novembre<\/strong> 2009 a Barcelona, a <strong><span style=\"color: #ff6600;\">unir-se a la Marxa<\/span><\/strong>.<\/h2>\n<h2><span style=\"text-decoration: underline;\"><strong>On adherir-se ?<\/strong><\/span><\/h2>\n<p><strong><span style=\"color: #ff6600;\">Adhesions:<\/span><\/strong> <a href=\"http:\/\/www.marxamundial.net\/adherirse\">www.marxamundial.net<\/a><\/p>\n<p><strong><span style=\"color: #ff6600;\">Adhesions  internacionals:<\/span><\/strong> <a href=\"http:\/\/www.theworldmarch.org\/\" target=\"_blank\">theworldmarch.org<\/a><\/p>\n<h2><span style=\"color: #000000;\"><span style=\"text-decoration: underline;\">PROGRAMA RESUMIT DELS ESDEVENIMENTS:<\/span><\/span><strong><span style=\"color: #ff6600;\"><br \/>\n<\/span><\/strong><\/h2>\n<p><strong>&#8211; Arribada de l&#8217;Equip base el 13 de novembre a Barcelona:<br \/>\n<\/strong><\/p>\n<p>18,00 h. <strong>Marxa festiva<\/strong> des de Pla\u00e7a Universitat fins l&#8217;Arc de Triomf.<br \/>\n19,30 h. <strong>Festival-mostra d&#8217;entitats<\/strong> al Pg. Llu\u00eds Companys (junt a l&#8217;Arc de Triomf). Parlaments de l&#8217;EB i convidats (amb assist\u00e8ncia de Federico Mayor Zaragoza). A continuaci\u00f3, diverses <strong>actuacions de m\u00fasica i dansa<\/strong>: Marina Rossell, Dones de Blanc, Barrio Negro, Ultra\u00eddo, Goiko, Baila conmigo, Toteva Rapa Nui.<br \/>\n22,30 h. Una delegaci\u00f3 de l&#8217;equip base intervindr\u00e0 en la Gala d&#8217;Obertura del <strong>VII Festival Internacional de Cinema, Pau i Drets Humans de Barcelona<\/strong> (Institut d&#8217;Estudis Nordamericans, Via Augusta, 123)<\/p>\n<p><strong>&#8211; L&#8217;Hospitalet de Llobregat:<\/strong><\/p>\n<p>Divendres 13 de noviembre: 12:30 \u2013 13:30<\/p>\n<p>12h30: Intervenci\u00f3 d&#8217; una delegaci\u00f3 del equip base en el Festival organitzat per les entitats  de la ciutat en el Centre Cultural La B\u00f2bila.<\/p>\n<p><strong>&#8211; Mollet del Vall\u00e9s:<\/strong><\/p>\n<p>Divendres 13 de noviembre: 15:00 \u2013 16:00<\/p>\n<p>15h00: Intervenci\u00f3 d&#8217; una delegaci\u00f3 del equip base en una Xerrada\u2013 Col\u00b7loqui en el Centre Cultural La Marineta, amb alumnes i professors dels centres educatius de la ciutat.<\/p>\n<p><strong>M\u00e9s informacions<\/strong> a les Webs: <a href=\"http:\/\/www.marxamundial.net\/\">http:\/\/www.marxamundial.net<\/a> i  <a href=\"http:\/\/www.theworldmarch.org\/\" target=\"_blank\">theworldmarch.org<\/a><\/p>\n<p>Carta per a un m\u00f3n sense viol\u00e8ncia : <a title=\"DiaMundialPaz_ESP_Document.pdf\" href=\"http:\/\/xarxa-omnia.org\/santroc\/wp-content\/uploads\/CARTA-PARA-UN-MUNDO-SIN-VIOLENCIA-ESP-V3.pdf\" target=\"_blank\">DiaMundialPaz_ESP_Document.pdf<\/a><\/p>\n<p>Document de presentaci\u00f3: <a href=\"http:\/\/xarxa-omnia.org\/santroc\/wp-content\/uploads\/DiaMundialPaz_ESP_Document.pdf\" target=\"_blank\">La marcha mundial por la paz y la no violencia<\/a><\/p>\n<h2><strong><span style=\"color: #ff6600;\"><span style=\"color: #000000;\"><span style=\"text-decoration: underline;\">ACTIVITAT DEL PUNT<\/span>: Els cercadors de la not\u00edcia<\/span><br \/>\n<\/span><\/strong><\/h2>\n<p>El 9 de novembre, els <strong>usuaris <\/strong>han cercat la not\u00edcia de la marxa en les webs dels principals <strong>peri\u00f2dics, <\/strong> <strong>sense resultat<\/strong>.<\/p>\n<p>Les webs utilitzades s\u00f3n: lavanguardia.es,  elperiodico.com, elpais.es, lamalla.cat, elpunt.cat, avui.cat, vilaweb.cat<\/p>\n<p><strong><span style=\"color: #ff6600;\"> Conclusi\u00f3: <span style=\"color: #000000;\">La premsa no sembla interessar-se encara en aquests temes i iniciatives,  pocs dies abans de la marxa . Aix\u00ed doncs, proposem de promocionar la campanya per correus electr\u00f2nics i per articles en els blogs d&#8217;usuaris.<\/span><\/span><\/strong><\/p>\n<p><span style=\"color: #ff6600;\"><span style=\"color: #000000;\">Continuarem les properes setmanes l&#8217;estudi de la <strong>seva cobertura medi\u00e0tica<\/strong>.<\/span><\/span><strong><span style=\"color: #ff6600;\"><br \/>\n<\/span><\/strong><\/p>\n<p><img loading=\"lazy\" decoding=\"async\" class=\"alignnone size-full wp-image-826\" title=\"LogoMSG_esp150\" src=\"http:\/\/xarxa-omnia.org\/santroc\/wp-content\/uploads\/LogoMSG_esp150.jpg\" alt=\"LogoMSG_esp150\" width=\"150\" height=\"125\" \/><\/p>\n<p><em>Activitats i Noticiari &#8211; \u00d2mnia AV Sant Roc. Pascal<\/em><\/p>\n","protected":false},"excerpt":{"rendered":"<p>En castellano El Punt \u00d2mnia AV Sant Roc proposa recolzar la iniciativa de la Marxa Mundial per la Pau i la No Viol\u00e8ncia, organitzar activitats i sessions de cerca d\u2019informacions a Internet, fomentar les adhesions dels usuaris. Els dimarts de 19h-21h i els divendres de 16h-19h de novembre i desembre, el Punt ajudar\u00e0 els usuaris [&hellip;]<\/p>\n","protected":false},"author":19,"featured_media":0,"comment_status":"open","ping_status":"open","sticky":false,"template":"","format":"standard","meta":{"footnotes":""},"categories":[3,4,16,32],"tags":[234,1316],"class_list":{"0":"post-622","1":"post","2":"type-post","3":"status-publish","4":"format-standard","6":"category-activitats","7":"category-actualitat","8":"category-pau","9":"category-noticies-omnia","10":"tag-activitat-omnia","11":"tag-marxa-mundial-pau","12":"czr-hentry"},"_links":{"self":[{"href":"https:\/\/santroc.xarxa-omnia.org\/index.php?rest_route=\/wp\/v2\/posts\/622","targetHints":{"allow":["GET"]}}],"collection":[{"href":"https:\/\/santroc.xarxa-omnia.org\/index.php?rest_route=\/wp\/v2\/posts"}],"about":[{"href":"https:\/\/santroc.xarxa-omnia.org\/index.php?rest_route=\/wp\/v2\/types\/post"}],"author":[{"embeddable":true,"href":"https:\/\/santroc.xarxa-omnia.org\/index.php?rest_route=\/wp\/v2\/users\/19"}],"replies":[{"embeddable":true,"href":"https:\/\/santroc.xarxa-omnia.org\/index.php?rest_route=%2Fwp%2Fv2%2Fcomments&post=622"}],"version-history":[{"count":0,"href":"https:\/\/santroc.xarxa-omnia.org\/index.php?rest_route=\/wp\/v2\/posts\/622\/revisions"}],"wp:attachment":[{"href":"https:\/\/santroc.xarxa-omnia.org\/index.php?rest_route=%2Fwp%2Fv2%2Fmedia&parent=622"}],"wp:term":[{"taxonomy":"category","embeddable":true,"href":"https:\/\/santroc.xarxa-omnia.org\/index.php?rest_route=%2Fwp%2Fv2%2Fcategories&post=622"},{"taxonomy":"post_tag","embeddable":true,"href":"https:\/\/santroc.xarxa-omnia.org\/index.php?rest_route=%2Fwp%2Fv2%2Ftags&post=622"}],"curies":[{"name":"wp","href":"https:\/\/api.w.org\/{rel}","templated":true}]}}