{"id":7784,"date":"2013-01-31T18:42:11","date_gmt":"2013-01-31T17:42:11","guid":{"rendered":"http:\/\/santroc.xarxa-omnia.org\/?p=7784"},"modified":"2013-01-31T18:42:11","modified_gmt":"2013-01-31T17:42:11","slug":"7784","status":"publish","type":"post","link":"https:\/\/santroc.xarxa-omnia.org\/?p=7784","title":{"rendered":"Festa de Carnestoltes a l&#039;Ateneu Sant Roc"},"content":{"rendered":"<p><a href=\"https:\/\/santroc.xarxa-omnia.org\/wp-content\/uploads\/2013\/01\/Carnestoltes-carrer-ateneu-sant-roc2013.jpg\"><img loading=\"lazy\" decoding=\"async\" class=\"size-medium wp-image-7789 alignright\" title=\"Carnestoltes-carrer-ateneu-sant-roc2013\" src=\"https:\/\/santroc.xarxa-omnia.org\/wp-content\/uploads\/2013\/01\/Carnestoltes-carrer-ateneu-sant-roc2013-212x300.jpg\" alt=\"Carnestoltes-carrer-ateneu-sant-roc2013\" width=\"212\" height=\"300\" \/><\/a>Amb motiu de la Festa de Carnestoltes d&#8217;enguany l&#8217;Ateneu Sant Roc ens fa arribar la informaci\u00f3 de las seg\u00fcents activitats:<\/p>\n<p><strong>Carnestoltes al carrer Jocs de bagul i ball de carnestoltes<\/strong> amb el grup GOG I MAGOOC de la Fundaci\u00f3 La Roda.<br \/>\nDia: divendres 8 de febrer de 2013<br \/>\nLloc: Pla\u00e7a Sant Roc (al costat de la AV Sant Roc).<br \/>\nHora: 17 a 19h.<\/p>\n<p><strong>Sopar solidari i Ball de Carnestoltes amb Marc Oriol<\/strong>. Organitza el Grup de Solidaritat \u00c9s L&#8217;Hora<br \/>\nSopar: bo d&#8217;ajut 8\u20ac per un projecte a Lima -Per\u00fa-.<br \/>\nDia: divendres 8 de febrer de 2013<br \/>\nLloc: Sala d&#8217;actes de la Fundaci\u00f3 Ateneu Sant Roc.<br \/>\nHora: 21 h.<br \/>\nInscripcions a la secretaria de l&#8217;Ateneu<br \/>\nC\/ Carceres.<br \/>\nEsperem que feu la m\u00e0xima difusi\u00f3<\/p>\n","protected":false},"excerpt":{"rendered":"<p>Amb motiu de la Festa de Carnestoltes d&#8217;enguany l&#8217;Ateneu Sant Roc ens fa arribar la informaci\u00f3 de las seg\u00fcents activitats: Carnestoltes al carrer Jocs de bagul i ball de carnestoltes amb el grup GOG I MAGOOC de la Fundaci\u00f3 La Roda. Dia: divendres 8 de febrer de 2013 Lloc: Pla\u00e7a Sant Roc (al costat de [&hellip;]<\/p>\n","protected":false},"author":1,"featured_media":0,"comment_status":"open","ping_status":"open","sticky":false,"template":"","format":"standard","meta":{"footnotes":""},"categories":[4,32,33],"tags":[331,435],"class_list":{"0":"post-7784","1":"post","2":"type-post","3":"status-publish","4":"format-standard","6":"category-actualitat","7":"category-noticies-omnia","8":"category-noticies-badalona-sud-santroc","9":"tag-ateneu-carnestoltes","10":"tag-carnestoltes-badalona","11":"czr-hentry"},"_links":{"self":[{"href":"https:\/\/santroc.xarxa-omnia.org\/index.php?rest_route=\/wp\/v2\/posts\/7784","targetHints":{"allow":["GET"]}}],"collection":[{"href":"https:\/\/santroc.xarxa-omnia.org\/index.php?rest_route=\/wp\/v2\/posts"}],"about":[{"href":"https:\/\/santroc.xarxa-omnia.org\/index.php?rest_route=\/wp\/v2\/types\/post"}],"author":[{"embeddable":true,"href":"https:\/\/santroc.xarxa-omnia.org\/index.php?rest_route=\/wp\/v2\/users\/1"}],"replies":[{"embeddable":true,"href":"https:\/\/santroc.xarxa-omnia.org\/index.php?rest_route=%2Fwp%2Fv2%2Fcomments&post=7784"}],"version-history":[{"count":0,"href":"https:\/\/santroc.xarxa-omnia.org\/index.php?rest_route=\/wp\/v2\/posts\/7784\/revisions"}],"wp:attachment":[{"href":"https:\/\/santroc.xarxa-omnia.org\/index.php?rest_route=%2Fwp%2Fv2%2Fmedia&parent=7784"}],"wp:term":[{"taxonomy":"category","embeddable":true,"href":"https:\/\/santroc.xarxa-omnia.org\/index.php?rest_route=%2Fwp%2Fv2%2Fcategories&post=7784"},{"taxonomy":"post_tag","embeddable":true,"href":"https:\/\/santroc.xarxa-omnia.org\/index.php?rest_route=%2Fwp%2Fv2%2Ftags&post=7784"}],"curies":[{"name":"wp","href":"https:\/\/api.w.org\/{rel}","templated":true}]}}