{"id":8445,"date":"2013-04-24T19:55:45","date_gmt":"2013-04-24T18:55:45","guid":{"rendered":"http:\/\/santroc.xarxa-omnia.org\/?p=8445"},"modified":"2013-04-24T19:55:45","modified_gmt":"2013-04-24T18:55:45","slug":"evento-dia-internet-radio-comunitaria-rci","status":"publish","type":"post","link":"https:\/\/santroc.xarxa-omnia.org\/?p=8445","title":{"rendered":"Evento D\u00eda Internet Radio Comunitaria RCI"},"content":{"rendered":"<p><a title=\"Dinamizador con Metodolog\u00eda participativa y social de las NTICS\" href=\"http:\/\/www.premiosdeinternet.org\/votar\/?a=13862&amp;s=53\"><img decoding=\"async\" src=\"http:\/\/diadeinternet.org\/2013\/img\/premios\/banners\/banner_234x90_blanco.gif\" alt=\"Dinamizador con Metodolog\u00eda participativa y social de las NTICS\" \/><\/a>Necesitamos <strong>vuestro voto<\/strong> para nuestra candidatura al<strong> premio de Internet<\/strong>: Dinamizador con Metodolog\u00eda participativa y social de las NTICS. Pulsando sobre el bot\u00f3n animado podr\u00e1s<strong> dar tu soporte a nuestro compromiso<\/strong> cotidiano con las personas !<\/p>\n<p><a href=\"https:\/\/santroc.xarxa-omnia.org\/wp-content\/uploads\/2012\/05\/logo_radio-rci-bdn2201.jpg\"><img loading=\"lazy\" decoding=\"async\" class=\"alignleft size-thumbnail wp-image-6417\" title=\"logo_radio-rci-bdn220\" src=\"https:\/\/santroc.xarxa-omnia.org\/wp-content\/uploads\/2012\/05\/logo_radio-rci-bdn2201-150x137.jpg\" alt=\"logo_radio-rci-bdn220\" width=\"150\" height=\"137\" \/><\/a>El Punt \u00d2mnia Casal C\u00edvic Badalona Sant Roc celebra las fiestas de primavera de Sant Roc y el D\u00eda de Internet. Nuestro prop\u00f3sito es de fomentar intercambios de m\u00fasicas del Mundo entre Telecentros y ciudadanos.<\/p>\n<p>Para celebrar el d\u00eda de Internet, invitamos los telecentros, las entidades sociales, los vecinos de Badalona a participar en la construcci\u00f3n de la emisora. Pod\u00e9is aportar en el blog los nombres y listas de canciones favoritas. Ampliamos nuestra radio intercultural con vuestras aportaciones para ofrecer un nuevo medio de integraci\u00f3n.<\/p>\n<p>Telecentros y ciudadanos pueden enviarnos su lista de canciones a trav\u00e9s de los comentarios de la noticia en nuestra web o por correo@, o por skype.<br \/>\nTambi\u00e9n pueden enviarnos sus links de radios o listas de reproducciones incrustadas en sus Webs.<\/p>\n<p>As\u00ed tendremos la oportunidad de realizar intercambios musicales que se realizar durante el mes de mayo y prolongarse.<\/p>\n<p>Durante la semana del 13 al 17 de mayo 2013, emitiremos las nuevas programaciones en linea. (Prorrogable)<\/p>\n<p>Organiza: Punt \u00d2mnia Casal C\u00edvic Sant Roc y entidades sociales: Fundaci\u00f3 Pere Closa, Resid\u00e8ncies Disminu\u00efts F\u00edsics i de Salut Mental Sant Roc, Afammeban Club Social El Badiu.<\/p>\n<p>Leer+: Evento D\u00eda Internet &#8211; Videoconferencias e intercambio Telecentros<\/p>\n<p><a rel=\"nofollow\" href=\"..\/?p=8515\" target=\"_blank\">http:\/\/\/?p=8515<\/a><\/p>\n<p><a rel=\"nofollow\" href=\"http:\/\/diadeinternet.org\/?evt=14108\">http:\/\/diadeinternet.org\/?evt=14108<\/a><\/p>\n<p>Leer+: Evento D\u00eda Internet &#8211; Radio Intercultural Comunitaria<\/p>\n<p><a rel=\"nofollow\" href=\"..\/?p=8445\" target=\"_blank\">http:\/\/\/?p=8445<\/a><\/p>\n<p><a rel=\"nofollow\" href=\"http:\/\/diadeinternet.org\/?evt=13714\" target=\"_blank\">http:\/\/diadeinternet.org\/?evt=13714<\/a><\/p>\n<p>Pascal<\/p>\n","protected":false},"excerpt":{"rendered":"<p>Necesitamos vuestro voto para nuestra candidatura al premio de Internet: Dinamizador con Metodolog\u00eda participativa y social de las NTICS. Pulsando sobre el bot\u00f3n animado podr\u00e1s dar tu soporte a nuestro compromiso cotidiano con las personas ! El Punt \u00d2mnia Casal C\u00edvic Badalona Sant Roc celebra las fiestas de primavera de Sant Roc y el D\u00eda [&hellip;]<\/p>\n","protected":false},"author":1,"featured_media":0,"comment_status":"open","ping_status":"open","sticky":false,"template":"","format":"standard","meta":{"footnotes":""},"categories":[79,32,33,43],"tags":[679,682,761,762,791],"class_list":{"0":"post-8445","1":"post","2":"type-post","3":"status-publish","4":"format-standard","6":"category-dia-internet-internet","7":"category-noticies-omnia","8":"category-noticies-badalona-sud-santroc","9":"category-radio","10":"tag-dia-de-internet-2013","11":"tag-dia-de-internet-omnia-sant-roc","12":"tag-dia-internet-radio-comunitaria-intercultural-jovenes","13":"tag-dia-internet-radio-comunitaria-rci-bdn","14":"tag-diadeinternet-org-omnia-sant-roc","15":"czr-hentry"},"_links":{"self":[{"href":"https:\/\/santroc.xarxa-omnia.org\/index.php?rest_route=\/wp\/v2\/posts\/8445","targetHints":{"allow":["GET"]}}],"collection":[{"href":"https:\/\/santroc.xarxa-omnia.org\/index.php?rest_route=\/wp\/v2\/posts"}],"about":[{"href":"https:\/\/santroc.xarxa-omnia.org\/index.php?rest_route=\/wp\/v2\/types\/post"}],"author":[{"embeddable":true,"href":"https:\/\/santroc.xarxa-omnia.org\/index.php?rest_route=\/wp\/v2\/users\/1"}],"replies":[{"embeddable":true,"href":"https:\/\/santroc.xarxa-omnia.org\/index.php?rest_route=%2Fwp%2Fv2%2Fcomments&post=8445"}],"version-history":[{"count":0,"href":"https:\/\/santroc.xarxa-omnia.org\/index.php?rest_route=\/wp\/v2\/posts\/8445\/revisions"}],"wp:attachment":[{"href":"https:\/\/santroc.xarxa-omnia.org\/index.php?rest_route=%2Fwp%2Fv2%2Fmedia&parent=8445"}],"wp:term":[{"taxonomy":"category","embeddable":true,"href":"https:\/\/santroc.xarxa-omnia.org\/index.php?rest_route=%2Fwp%2Fv2%2Fcategories&post=8445"},{"taxonomy":"post_tag","embeddable":true,"href":"https:\/\/santroc.xarxa-omnia.org\/index.php?rest_route=%2Fwp%2Fv2%2Ftags&post=8445"}],"curies":[{"name":"wp","href":"https:\/\/api.w.org\/{rel}","templated":true}]}}