{"id":8603,"date":"2013-05-10T19:10:26","date_gmt":"2013-05-10T18:10:26","guid":{"rendered":"http:\/\/santroc.xarxa-omnia.org\/?p=8603"},"modified":"2013-05-10T19:10:26","modified_gmt":"2013-05-10T18:10:26","slug":"aportaciones-fototeca-badalona","status":"publish","type":"post","link":"https:\/\/santroc.xarxa-omnia.org\/?p=8603","title":{"rendered":"Aportaciones Fototeca Badalona D\u00eda Internet"},"content":{"rendered":"<p>Los participantes han empezado a a\u00f1adir fotos a la fototeca.<br \/>\nPuedes A\u00f1adir las tuyas! (Registr\u00e1ndote y Subiendo en el blog como una nueva entrada de art\u00edculo).<\/p>\n<p>[nggallery id=57]<\/p>\n<p>[nggallery id=56]<\/p>\n<p>[nggallery id=55]<\/p>\n<p><a href=\"http:\/\/\/?cat=25\" target=\"_blank\">&gt;&gt;&gt; Consultar las otras galer\u00edas de fotos<\/a><\/p>\n<p>Fuentes de per algunas fotos:<br \/>\n&#8211; Font: servidor web de l&#8217;Institut d&#8217;Estudis Fotogr\u00e0fics de Catalunya: \u00abwww.iefc.cat\u00bb<br \/>\n&#8211; Facebook Badalona Recuerdos<br \/>\n&#8211; Fotos aportadas por los usuarios del \u00d2mnia Sant Roc.<\/p>\n<p>Pascal.<\/p>\n","protected":false},"excerpt":{"rendered":"<p>Los participantes han empezado a a\u00f1adir fotos a la fototeca. Puedes A\u00f1adir las tuyas! (Registr\u00e1ndote y Subiendo en el blog como una nueva entrada de art\u00edculo). [nggallery id=57] [nggallery id=56] [nggallery id=55] &gt;&gt;&gt; Consultar las otras galer\u00edas de fotos Fuentes de per algunas fotos: &#8211; Font: servidor web de l&#8217;Institut d&#8217;Estudis Fotogr\u00e0fics de Catalunya: \u00abwww.iefc.cat\u00bb [&hellip;]<\/p>\n","protected":false},"author":1,"featured_media":0,"comment_status":"open","ping_status":"open","sticky":false,"template":"","format":"standard","meta":{"footnotes":""},"categories":[4,79,32,33],"tags":[349,758,788,790,791,1072,1078,1086,1088],"class_list":{"0":"post-8603","1":"post","2":"type-post","3":"status-publish","4":"format-standard","6":"category-actualitat","7":"category-dia-internet-internet","8":"category-noticies-omnia","9":"category-noticies-badalona-sud-santroc","10":"tag-badalona-antiga","11":"tag-dia-internet-omnia-sant-roc","12":"tag-diadeinternet","13":"tag-diadeinternet-org","14":"tag-diadeinternet-org-omnia-sant-roc","15":"tag-fotos-llar-salut-mental","16":"tag-fotos-omniasantroc","17":"tag-fototeca","18":"tag-fototeca-badalona","19":"czr-hentry"},"_links":{"self":[{"href":"https:\/\/santroc.xarxa-omnia.org\/index.php?rest_route=\/wp\/v2\/posts\/8603","targetHints":{"allow":["GET"]}}],"collection":[{"href":"https:\/\/santroc.xarxa-omnia.org\/index.php?rest_route=\/wp\/v2\/posts"}],"about":[{"href":"https:\/\/santroc.xarxa-omnia.org\/index.php?rest_route=\/wp\/v2\/types\/post"}],"author":[{"embeddable":true,"href":"https:\/\/santroc.xarxa-omnia.org\/index.php?rest_route=\/wp\/v2\/users\/1"}],"replies":[{"embeddable":true,"href":"https:\/\/santroc.xarxa-omnia.org\/index.php?rest_route=%2Fwp%2Fv2%2Fcomments&post=8603"}],"version-history":[{"count":0,"href":"https:\/\/santroc.xarxa-omnia.org\/index.php?rest_route=\/wp\/v2\/posts\/8603\/revisions"}],"wp:attachment":[{"href":"https:\/\/santroc.xarxa-omnia.org\/index.php?rest_route=%2Fwp%2Fv2%2Fmedia&parent=8603"}],"wp:term":[{"taxonomy":"category","embeddable":true,"href":"https:\/\/santroc.xarxa-omnia.org\/index.php?rest_route=%2Fwp%2Fv2%2Fcategories&post=8603"},{"taxonomy":"post_tag","embeddable":true,"href":"https:\/\/santroc.xarxa-omnia.org\/index.php?rest_route=%2Fwp%2Fv2%2Ftags&post=8603"}],"curies":[{"name":"wp","href":"https:\/\/api.w.org\/{rel}","templated":true}]}}