{"id":9222,"date":"2013-11-21T20:33:13","date_gmt":"2013-11-21T19:33:13","guid":{"rendered":"http:\/\/santroc.xarxa-omnia.org\/?p=9222"},"modified":"2013-11-21T20:33:13","modified_gmt":"2013-11-21T19:33:13","slug":"actuacions-comissio-dones-contra-violencia-de-genere","status":"publish","type":"post","link":"https:\/\/santroc.xarxa-omnia.org\/?p=9222","title":{"rendered":"Actuacions Comissi\u00f3 Dones contra viol\u00e8ncia de gen\u00e8re"},"content":{"rendered":"<p><a href=\"https:\/\/santroc.xarxa-omnia.org\/wp-content\/uploads\/2013\/11\/25-novembre-dia-internacional-contra-violencia-gener-dia-contra-violencia-genero2013.jpg\"><img loading=\"lazy\" decoding=\"async\" class=\"alignleft size-medium wp-image-9230\" title=\"25 novembre dia-internacional-contra-viol\u00e8ncia-g\u00e8ner-dia-contra-violencia-genero2013\" src=\"https:\/\/santroc.xarxa-omnia.org\/wp-content\/uploads\/2013\/11\/25-novembre-dia-internacional-contra-violencia-gener-dia-contra-violencia-genero2013-300x300.jpg\" alt=\"25 novembre dia-internacional-contra-viol\u00e8ncia-g\u00e8ner-dia-contra-violencia-genero2013\" width=\"300\" height=\"300\" \/><\/a><\/p>\n<p>La <strong>Comissi\u00f3 de Dones\u00a0 Badalona Sud<\/strong> proposa diferents activitats promoure el <strong>Dia Internacional Contra La Viol\u00e8ncia De G\u00e8nere:<\/strong><\/p>\n<p>-&gt;<em><strong> Teixint al carrer<\/strong><\/em>. 25 Novembre de 10h a 12h. Pla\u00e7a Mercat Sant Roc.<\/p>\n<p>\u00abFarem testos de ganxet o llana per a la construcci\u00f3 d&#8217;un hort vertical contra La Viol\u00e8ncia De G\u00e8nere al al ritme de m\u00fasica i de lectures dramatitzades.\u00bb<br \/>\nOrganitza Comissi\u00f3 de Dones BDN Sud.<\/p>\n<p>-&gt; <em><strong>Plantem contra la viol\u00e8ncia<\/strong><\/em>. 25 novembre de 12h a 13h30.<br \/>\nEs construir\u00e0 un hort vertical amb els testos a l&#8217;hort urb\u00e0 comunitari de Sant Roc.<br \/>\nOrganitza Comissi\u00f3 de Dones BDN Sud.<\/p>\n","protected":false},"excerpt":{"rendered":"<p>La Comissi\u00f3 de Dones\u00a0 Badalona Sud proposa diferents activitats promoure el Dia Internacional Contra La Viol\u00e8ncia De G\u00e8nere: -&gt; Teixint al carrer. 25 Novembre de 10h a 12h. Pla\u00e7a Mercat Sant Roc. \u00abFarem testos de ganxet o llana per a la construcci\u00f3 d&#8217;un hort vertical contra La Viol\u00e8ncia De G\u00e8nere al al ritme de m\u00fasica [&hellip;]<\/p>\n","protected":false},"author":1,"featured_media":0,"comment_status":"open","ping_status":"open","sticky":false,"template":"","format":"standard","meta":{"footnotes":""},"categories":[4,32,33],"tags":[512,672,721],"class_list":{"0":"post-9222","1":"post","2":"type-post","3":"status-publish","4":"format-standard","6":"category-actualitat","7":"category-noticies-omnia","8":"category-noticies-badalona-sud-santroc","9":"tag-comissio-dones-badalona-sud","10":"tag-dia-contra-violencia-gener","11":"tag-dia-internacional-contra-violencia-genero","12":"czr-hentry"},"_links":{"self":[{"href":"https:\/\/santroc.xarxa-omnia.org\/index.php?rest_route=\/wp\/v2\/posts\/9222","targetHints":{"allow":["GET"]}}],"collection":[{"href":"https:\/\/santroc.xarxa-omnia.org\/index.php?rest_route=\/wp\/v2\/posts"}],"about":[{"href":"https:\/\/santroc.xarxa-omnia.org\/index.php?rest_route=\/wp\/v2\/types\/post"}],"author":[{"embeddable":true,"href":"https:\/\/santroc.xarxa-omnia.org\/index.php?rest_route=\/wp\/v2\/users\/1"}],"replies":[{"embeddable":true,"href":"https:\/\/santroc.xarxa-omnia.org\/index.php?rest_route=%2Fwp%2Fv2%2Fcomments&post=9222"}],"version-history":[{"count":0,"href":"https:\/\/santroc.xarxa-omnia.org\/index.php?rest_route=\/wp\/v2\/posts\/9222\/revisions"}],"wp:attachment":[{"href":"https:\/\/santroc.xarxa-omnia.org\/index.php?rest_route=%2Fwp%2Fv2%2Fmedia&parent=9222"}],"wp:term":[{"taxonomy":"category","embeddable":true,"href":"https:\/\/santroc.xarxa-omnia.org\/index.php?rest_route=%2Fwp%2Fv2%2Fcategories&post=9222"},{"taxonomy":"post_tag","embeddable":true,"href":"https:\/\/santroc.xarxa-omnia.org\/index.php?rest_route=%2Fwp%2Fv2%2Ftags&post=9222"}],"curies":[{"name":"wp","href":"https:\/\/api.w.org\/{rel}","templated":true}]}}